{"id":1090,"date":"2022-07-01T15:07:24","date_gmt":"2022-07-01T15:07:24","guid":{"rendered":"https:\/\/judo-club-hennef.de\/?p=1090"},"modified":"2022-07-01T15:07:24","modified_gmt":"2022-07-01T15:07:24","slug":"guertel-pruefung-beim-eitorfer-judo-club","status":"publish","type":"post","link":"https:\/\/judo-club-hennef.de\/?p=1090","title":{"rendered":"G\u00fcrtel-Pr\u00fcfung beim Eitorfer Judo Club"},"content":{"rendered":"\n<p>Nach dem erfreulichen Anstieg der Mitgliederzahlen nach der ersten Coronawelle, der sicher auch durch verschiedene Veranstaltungen wie die \u201eTage des Judo\u201c im vergangenen Herbst gef\u00f6rdert wurde, zeigten sich nun die erfreulichen Folgen.<\/p>\n\n\n\n<div class=\"wp-block-media-text alignwide is-stacked-on-mobile is-vertically-aligned-top\" style=\"grid-template-columns:48% auto\"><figure class=\"wp-block-media-text__media\"><img loading=\"lazy\" decoding=\"async\" width=\"1024\" height=\"768\" src=\"https:\/\/judo-club-hennef.de\/wp-content\/uploads\/2022\/07\/20220621_183002-1024x768.jpg\" alt=\"\" class=\"wp-image-1091 size-full\" srcset=\"https:\/\/judo-club-hennef.de\/wp-content\/uploads\/2022\/07\/20220621_183002-1024x768.jpg 1024w, https:\/\/judo-club-hennef.de\/wp-content\/uploads\/2022\/07\/20220621_183002-300x225.jpg 300w, https:\/\/judo-club-hennef.de\/wp-content\/uploads\/2022\/07\/20220621_183002-768x576.jpg 768w, https:\/\/judo-club-hennef.de\/wp-content\/uploads\/2022\/07\/20220621_183002-1536x1152.jpg 1536w, https:\/\/judo-club-hennef.de\/wp-content\/uploads\/2022\/07\/20220621_183002-2048x1536.jpg 2048w, https:\/\/judo-club-hennef.de\/wp-content\/uploads\/2022\/07\/20220621_183002-1x1.jpg 1w\" sizes=\"auto, (max-width: 1024px) 100vw, 1024px\" \/><\/figure><div class=\"wp-block-media-text__content\">\n<p>Am 21.06.2022 fand in der Sporthalle \u201eAm Eichelkamp\u201c eine G\u00fcrtelpr\u00fcfung zu verschiedenen Kyu-Graden (Rangstufen mit unterschiedlichen G\u00fcrtelfarben) mit 45 Pr\u00fcflingen statt. Die Pr\u00fcfungen wurden von drei Pr\u00fcfungskommissionen abgenommen, und zwar unter der bew\u00e4hrten Leitung von Andreas Sasse, Patrick Schild und Eike Gans\u00e4uer.<\/p>\n\n\n\n<p>Alle Pr\u00fcflinge bestanden ihre Pr\u00fcfung und sind nun berechtigt und verpflichtet, den n\u00e4chst h\u00f6heren G\u00fcrtel zu tragen.<\/p>\n<\/div><\/div>\n","protected":false},"excerpt":{"rendered":"<p>Nach dem erfreulichen Anstieg der Mitgliederzahlen nach der ersten Coronawelle, der sicher auch durch verschiedene Veranstaltungen wie die \u201eTage des Judo\u201c im vergangenen Herbst gef\u00f6rdert wurde, zeigten sich nun die erfreulichen Folgen. Am 21.06.2022 fand in der Sporthalle \u201eAm Eichelkamp\u201c eine G\u00fcrtelpr\u00fcfung zu verschiedenen Kyu-Graden (Rangstufen mit unterschiedlichen G\u00fcrtelfarben) mit 45 Pr\u00fcflingen statt. Die Pr\u00fcfungen [&hellip;]<\/p>\n","protected":false},"author":1,"featured_media":0,"comment_status":"closed","ping_status":"closed","sticky":false,"template":"","format":"standard","meta":{"footnotes":""},"categories":[10],"tags":[],"class_list":["post-1090","post","type-post","status-publish","format-standard","hentry","category-guertelpruefungen"],"_links":{"self":[{"href":"https:\/\/judo-club-hennef.de\/index.php?rest_route=\/wp\/v2\/posts\/1090","targetHints":{"allow":["GET"]}}],"collection":[{"href":"https:\/\/judo-club-hennef.de\/index.php?rest_route=\/wp\/v2\/posts"}],"about":[{"href":"https:\/\/judo-club-hennef.de\/index.php?rest_route=\/wp\/v2\/types\/post"}],"author":[{"embeddable":true,"href":"https:\/\/judo-club-hennef.de\/index.php?rest_route=\/wp\/v2\/users\/1"}],"replies":[{"embeddable":true,"href":"https:\/\/judo-club-hennef.de\/index.php?rest_route=%2Fwp%2Fv2%2Fcomments&post=1090"}],"version-history":[{"count":11,"href":"https:\/\/judo-club-hennef.de\/index.php?rest_route=\/wp\/v2\/posts\/1090\/revisions"}],"predecessor-version":[{"id":1102,"href":"https:\/\/judo-club-hennef.de\/index.php?rest_route=\/wp\/v2\/posts\/1090\/revisions\/1102"}],"wp:attachment":[{"href":"https:\/\/judo-club-hennef.de\/index.php?rest_route=%2Fwp%2Fv2%2Fmedia&parent=1090"}],"wp:term":[{"taxonomy":"category","embeddable":true,"href":"https:\/\/judo-club-hennef.de\/index.php?rest_route=%2Fwp%2Fv2%2Fcategories&post=1090"},{"taxonomy":"post_tag","embeddable":true,"href":"https:\/\/judo-club-hennef.de\/index.php?rest_route=%2Fwp%2Fv2%2Ftags&post=1090"}],"curies":[{"name":"wp","href":"https:\/\/api.w.org\/{rel}","templated":true}]}}