{"id":1413,"date":"2023-10-18T11:00:15","date_gmt":"2023-10-18T11:00:15","guid":{"rendered":"https:\/\/judo-club-hennef.de\/?p=1413"},"modified":"2023-10-18T11:00:15","modified_gmt":"2023-10-18T11:00:15","slug":"eitorfer-judoka-ueberzeugten-bei-der-guertel-pruefung","status":"publish","type":"post","link":"https:\/\/judo-club-hennef.de\/?p=1413","title":{"rendered":"<strong>Eitorfer Judoka \u00fcberzeugten bei der G\u00fcrtel-Pr\u00fcfung<\/strong>"},"content":{"rendered":"\n<div class=\"wp-block-group\"><div class=\"wp-block-group__inner-container is-layout-constrained wp-block-group-is-layout-constrained\">\n<div class=\"wp-block-group\"><div class=\"wp-block-group__inner-container is-layout-constrained wp-block-group-is-layout-constrained\">\n<div class=\"wp-block-columns is-layout-flex wp-container-core-columns-is-layout-1 wp-block-columns-is-layout-flex\">\n<div class=\"wp-block-column is-layout-flow wp-block-column-is-layout-flow\" style=\"flex-basis:100%\">\n<div class=\"wp-block-media-text alignwide is-stacked-on-mobile\"><figure class=\"wp-block-media-text__media\"><img loading=\"lazy\" decoding=\"async\" width=\"899\" height=\"1024\" src=\"https:\/\/judo-club-hennef.de\/wp-content\/uploads\/2023\/10\/Neu-899x1024.jpg\" alt=\"\" class=\"wp-image-1418 size-full\" srcset=\"https:\/\/judo-club-hennef.de\/wp-content\/uploads\/2023\/10\/Neu-899x1024.jpg 899w, https:\/\/judo-club-hennef.de\/wp-content\/uploads\/2023\/10\/Neu-263x300.jpg 263w, https:\/\/judo-club-hennef.de\/wp-content\/uploads\/2023\/10\/Neu-768x875.jpg 768w, https:\/\/judo-club-hennef.de\/wp-content\/uploads\/2023\/10\/Neu-1348x1536.jpg 1348w, https:\/\/judo-club-hennef.de\/wp-content\/uploads\/2023\/10\/Neu-1798x2048.jpg 1798w, https:\/\/judo-club-hennef.de\/wp-content\/uploads\/2023\/10\/Neu-1x1.jpg 1w, https:\/\/judo-club-hennef.de\/wp-content\/uploads\/2023\/10\/Neu.jpg 1912w\" sizes=\"auto, (max-width: 899px) 100vw, 899px\" \/><\/figure><div class=\"wp-block-media-text__content\">\n<p>Am Donnerstag den 28.09.2023 fand in der Sporthalle \u201eAm Eichelkamp\u201c eine G\u00fcrtelpr\u00fcfung des Eitorfer Judo Clubs zu verschiedenen Kyu-Graden (Rangstufen mit unterschiedlichen G\u00fcrtelfarben) mit \u00fcber 30 Pr\u00fcflingen statt. Teilgenommen haben alle Altersgruppen, von den J\u00fcngsten ab sechs Jahre bis zu den Erwachsenen. Die Pr\u00fcfungen wurden von zwei Pr\u00fcfungskommissionen abgenommen, und zwar unter der bew\u00e4hrten Leitung von Patrick Schild und Eike Gans\u00e4uer.<\/p>\n\n\n\n<p>Nach mehrw\u00f6chiger Vorbereitung durch die Trainer, allen voran Cheftrainer Wolfgang Giesecke, bestanden alle Judoka ihre Pr\u00fcfung und sind nun berechtigt und verpflichtet, den n\u00e4chst h\u00f6heren G\u00fcrtel zu tragen.<\/p>\n\n\n\n<p>Das Ergebnis ist ein positives Zeichen f\u00fcr die erfolgreiche Vereinsarbeit des Eitorfer Judo Clubs.<\/p>\n<\/div><\/div>\n<\/div>\n<\/div>\n<\/div><\/div>\n<\/div><\/div>\n\n\n\n<figure class=\"wp-block-image size-large\"><img loading=\"lazy\" decoding=\"async\" width=\"1024\" height=\"769\" src=\"https:\/\/judo-club-hennef.de\/wp-content\/uploads\/2023\/10\/20230928_194833-edited-1024x769.jpg\" alt=\"\" class=\"wp-image-1419\" srcset=\"https:\/\/judo-club-hennef.de\/wp-content\/uploads\/2023\/10\/20230928_194833-edited-1024x769.jpg 1024w, https:\/\/judo-club-hennef.de\/wp-content\/uploads\/2023\/10\/20230928_194833-edited-300x225.jpg 300w, https:\/\/judo-club-hennef.de\/wp-content\/uploads\/2023\/10\/20230928_194833-edited-768x576.jpg 768w, https:\/\/judo-club-hennef.de\/wp-content\/uploads\/2023\/10\/20230928_194833-edited-1536x1153.jpg 1536w, https:\/\/judo-club-hennef.de\/wp-content\/uploads\/2023\/10\/20230928_194833-edited-2048x1537.jpg 2048w, https:\/\/judo-club-hennef.de\/wp-content\/uploads\/2023\/10\/20230928_194833-edited-1x1.jpg 1w\" sizes=\"auto, (max-width: 1024px) 100vw, 1024px\" \/><\/figure>\n","protected":false},"excerpt":{"rendered":"<p>Am Donnerstag den 28.09.2023 fand in der Sporthalle \u201eAm Eichelkamp\u201c eine G\u00fcrtelpr\u00fcfung des Eitorfer Judo Clubs zu verschiedenen Kyu-Graden (Rangstufen mit unterschiedlichen G\u00fcrtelfarben) mit \u00fcber 30 Pr\u00fcflingen statt. Teilgenommen haben alle Altersgruppen, von den J\u00fcngsten ab sechs Jahre bis zu den Erwachsenen. Die Pr\u00fcfungen wurden von zwei Pr\u00fcfungskommissionen abgenommen, und zwar unter der bew\u00e4hrten Leitung [&hellip;]<\/p>\n","protected":false},"author":1,"featured_media":0,"comment_status":"closed","ping_status":"closed","sticky":false,"template":"","format":"standard","meta":{"footnotes":""},"categories":[10],"tags":[],"class_list":["post-1413","post","type-post","status-publish","format-standard","hentry","category-guertelpruefungen"],"_links":{"self":[{"href":"https:\/\/judo-club-hennef.de\/index.php?rest_route=\/wp\/v2\/posts\/1413","targetHints":{"allow":["GET"]}}],"collection":[{"href":"https:\/\/judo-club-hennef.de\/index.php?rest_route=\/wp\/v2\/posts"}],"about":[{"href":"https:\/\/judo-club-hennef.de\/index.php?rest_route=\/wp\/v2\/types\/post"}],"author":[{"embeddable":true,"href":"https:\/\/judo-club-hennef.de\/index.php?rest_route=\/wp\/v2\/users\/1"}],"replies":[{"embeddable":true,"href":"https:\/\/judo-club-hennef.de\/index.php?rest_route=%2Fwp%2Fv2%2Fcomments&post=1413"}],"version-history":[{"count":4,"href":"https:\/\/judo-club-hennef.de\/index.php?rest_route=\/wp\/v2\/posts\/1413\/revisions"}],"predecessor-version":[{"id":1421,"href":"https:\/\/judo-club-hennef.de\/index.php?rest_route=\/wp\/v2\/posts\/1413\/revisions\/1421"}],"wp:attachment":[{"href":"https:\/\/judo-club-hennef.de\/index.php?rest_route=%2Fwp%2Fv2%2Fmedia&parent=1413"}],"wp:term":[{"taxonomy":"category","embeddable":true,"href":"https:\/\/judo-club-hennef.de\/index.php?rest_route=%2Fwp%2Fv2%2Fcategories&post=1413"},{"taxonomy":"post_tag","embeddable":true,"href":"https:\/\/judo-club-hennef.de\/index.php?rest_route=%2Fwp%2Fv2%2Ftags&post=1413"}],"curies":[{"name":"wp","href":"https:\/\/api.w.org\/{rel}","templated":true}]}}