{"id":1898,"date":"2025-02-26T09:40:00","date_gmt":"2025-02-26T09:40:00","guid":{"rendered":"https:\/\/judo-club-hennef.de\/?p=1898"},"modified":"2025-02-26T09:52:07","modified_gmt":"2025-02-26T09:52:07","slug":"bezirkseinzelmeisterschaften-u15","status":"publish","type":"post","link":"https:\/\/judo-club-hennef.de\/?p=1898","title":{"rendered":"Bezirkseinzelmeisterschaften U15"},"content":{"rendered":"\n<p><strong>Bezirksmeistertitel f\u00fcr Daniel Rempel<\/strong><\/p>\n\n\n\n<figure class=\"wp-block-image size-large\"><img loading=\"lazy\" decoding=\"async\" width=\"1024\" height=\"768\" src=\"https:\/\/judo-club-hennef.de\/wp-content\/uploads\/2025\/02\/IMG_0038-1024x768.jpeg\" alt=\"\" class=\"wp-image-1899\" srcset=\"https:\/\/judo-club-hennef.de\/wp-content\/uploads\/2025\/02\/IMG_0038-1024x768.jpeg 1024w, https:\/\/judo-club-hennef.de\/wp-content\/uploads\/2025\/02\/IMG_0038-300x225.jpeg 300w, https:\/\/judo-club-hennef.de\/wp-content\/uploads\/2025\/02\/IMG_0038-768x576.jpeg 768w, https:\/\/judo-club-hennef.de\/wp-content\/uploads\/2025\/02\/IMG_0038-1536x1152.jpeg 1536w, https:\/\/judo-club-hennef.de\/wp-content\/uploads\/2025\/02\/IMG_0038-2048x1536.jpeg 2048w, https:\/\/judo-club-hennef.de\/wp-content\/uploads\/2025\/02\/IMG_0038-1x1.jpeg 1w\" sizes=\"auto, (max-width: 1024px) 100vw, 1024px\" \/><\/figure>\n\n\n\n<p>Die diesj\u00e4hrigen Bezirkseinzelmeisterschaften der weiblichen und m\u00e4nnlichen U 15 wurden in Leverkusen ausgetragen.<\/p>\n\n\n\n<p>Einen souver\u00e4nen 1. Platz und damit den Titel erk\u00e4mpfte sich Daniel Rempel.<\/p>\n\n\n\n<p>Dritte Pl\u00e4tze gingen jeweils an Maxim Rauch, Jean Neve und Ilyda Kacar.&nbsp;<\/p>\n\n\n\n<p>Damit haben sich diese vier Judokas zur kommenden Westdeutschen Einzelmeisterschaft qualifiziert. Das ist f\u00fcr die U 15 h\u00f6chstes Wettkampfniveau.\u00a0 Etwas Pech hatten Nathan Kalashnik, Anna Gomnert und Oskar K\u00f6nig. Alle drei verloren im Kampf um Platz drei und erreichten somit den 5. Platz.<\/p>\n","protected":false},"excerpt":{"rendered":"<p>Bezirksmeistertitel f\u00fcr Daniel Rempel Die diesj\u00e4hrigen Bezirkseinzelmeisterschaften der weiblichen und m\u00e4nnlichen U 15 wurden in Leverkusen ausgetragen. Einen souver\u00e4nen 1. Platz und damit den Titel erk\u00e4mpfte sich Daniel Rempel. Dritte Pl\u00e4tze gingen jeweils an Maxim Rauch, Jean Neve und Ilyda Kacar.&nbsp; Damit haben sich diese vier Judokas zur kommenden Westdeutschen Einzelmeisterschaft qualifiziert. Das ist f\u00fcr [&hellip;]<\/p>\n","protected":false},"author":1,"featured_media":0,"comment_status":"closed","ping_status":"closed","sticky":false,"template":"","format":"standard","meta":{"footnotes":""},"categories":[4],"tags":[],"class_list":["post-1898","post","type-post","status-publish","format-standard","hentry","category-wettkaempfe-und-turniere"],"_links":{"self":[{"href":"https:\/\/judo-club-hennef.de\/index.php?rest_route=\/wp\/v2\/posts\/1898","targetHints":{"allow":["GET"]}}],"collection":[{"href":"https:\/\/judo-club-hennef.de\/index.php?rest_route=\/wp\/v2\/posts"}],"about":[{"href":"https:\/\/judo-club-hennef.de\/index.php?rest_route=\/wp\/v2\/types\/post"}],"author":[{"embeddable":true,"href":"https:\/\/judo-club-hennef.de\/index.php?rest_route=\/wp\/v2\/users\/1"}],"replies":[{"embeddable":true,"href":"https:\/\/judo-club-hennef.de\/index.php?rest_route=%2Fwp%2Fv2%2Fcomments&post=1898"}],"version-history":[{"count":1,"href":"https:\/\/judo-club-hennef.de\/index.php?rest_route=\/wp\/v2\/posts\/1898\/revisions"}],"predecessor-version":[{"id":1900,"href":"https:\/\/judo-club-hennef.de\/index.php?rest_route=\/wp\/v2\/posts\/1898\/revisions\/1900"}],"wp:attachment":[{"href":"https:\/\/judo-club-hennef.de\/index.php?rest_route=%2Fwp%2Fv2%2Fmedia&parent=1898"}],"wp:term":[{"taxonomy":"category","embeddable":true,"href":"https:\/\/judo-club-hennef.de\/index.php?rest_route=%2Fwp%2Fv2%2Fcategories&post=1898"},{"taxonomy":"post_tag","embeddable":true,"href":"https:\/\/judo-club-hennef.de\/index.php?rest_route=%2Fwp%2Fv2%2Ftags&post=1898"}],"curies":[{"name":"wp","href":"https:\/\/api.w.org\/{rel}","templated":true}]}}