{"id":2149,"date":"2025-10-08T09:54:22","date_gmt":"2025-10-08T09:54:22","guid":{"rendered":"https:\/\/judo-club-hennef.de\/?p=2149"},"modified":"2025-10-08T09:54:22","modified_gmt":"2025-10-08T09:54:22","slug":"internationaler-bayer-cup","status":"publish","type":"post","link":"https:\/\/judo-club-hennef.de\/?p=2149","title":{"rendered":"Internationaler Bayer Cup"},"content":{"rendered":"\n<p><strong>Rekordbeteiligung beim 9. Internationalen Bayer Judo Cup in Leverkusen<\/strong><\/p>\n\n\n\n<figure class=\"wp-block-image size-full\"><img loading=\"lazy\" decoding=\"async\" width=\"695\" height=\"824\" src=\"https:\/\/judo-club-hennef.de\/wp-content\/uploads\/2025\/10\/9.-Bayer-Cup-27.-u.-28.09.2025-Daniel-Rempel-li-Maximilian-Kubitza-re-JC-Hennef.jpg\" alt=\"\" class=\"wp-image-2150\" srcset=\"https:\/\/judo-club-hennef.de\/wp-content\/uploads\/2025\/10\/9.-Bayer-Cup-27.-u.-28.09.2025-Daniel-Rempel-li-Maximilian-Kubitza-re-JC-Hennef.jpg 695w, https:\/\/judo-club-hennef.de\/wp-content\/uploads\/2025\/10\/9.-Bayer-Cup-27.-u.-28.09.2025-Daniel-Rempel-li-Maximilian-Kubitza-re-JC-Hennef-253x300.jpg 253w, https:\/\/judo-club-hennef.de\/wp-content\/uploads\/2025\/10\/9.-Bayer-Cup-27.-u.-28.09.2025-Daniel-Rempel-li-Maximilian-Kubitza-re-JC-Hennef-1x1.jpg 1w\" sizes=\"auto, (max-width: 695px) 100vw, 695px\" \/><\/figure>\n\n\n\n<p>Der 9. Internationale Bayer Judo Cup am Wochenende des 27. und 28. September 2025 hat in diesem Jahr so viele Sportlerinnen und Sportler angezogen wie nie zuvor. In der Leichtathletikhalle des TSV Bayer 04 Leverkusen gingen an zwei Tagen etwa 750 Judoka an den Start.<\/p>\n\n\n\n<!--more-->\n\n\n\n<p>Das Turnier lockte nicht nur Sportlerinnen und Sportler aus Nordrhein-Westfalen an. Auch K\u00e4mpferinnen und K\u00e4mpfer aus Hessen, Berlin, Rheinland-Pfalz, dem Saarland, W\u00fcrttemberg und Bremen waren vertreten. Internationale Beteiligung kam zudem aus den Niederlanden, Belgien und Luxemburg.<\/p>\n\n\n\n<p>Bereits am ersten Wettkampftag sorgten die Altersklassen U17 und U20 f\u00fcr volle Matten: die Athletinnen und Athleten traten auf sechs Kampffl\u00e4chen gegeneinander an. Den Auftakt bildeten die U17-M\u00e4nner, die mit 222 Startern das gr\u00f6\u00dfte Feld stellten. F\u00fcr den <strong>JC Hennef\/ Eitorfer JC<\/strong> traten hier <strong>Daniel Rempel<\/strong> (-43kg), <strong>Maxim Rauch<\/strong> (-46kg), <strong>Julian Augst<\/strong> (-55kg), <strong>Gerald Richter<\/strong> (-60kg), <strong>Elias Seib<\/strong> (-66kg), <strong>Maximilian Kubitza<\/strong> (-73kg) und <strong>Faiso Khodor Kasim<\/strong> (-81kg) an. Daniel Rempel und Maximilian Kubitza erreichten Bronze. F\u00fcr die U20-M\u00e4nner traten <strong>Mykola Bakhtin<\/strong> (-73kg) und <strong>Oskar Kulaga<\/strong> (-90kg) an.<\/p>\n\n\n\n<p>Am zweiten Wettkampftag kamen die j\u00fcngeren Judoka in der Altersgruppe U14 zum Zug. F\u00fcr die m\u00e4nnliche U14 k\u00e4mpften <strong>Matthias Gombert<\/strong> (-34kg) und <strong>Mikail Portworsnick<\/strong> (-40Kg). F\u00fcr die weibliche U14 trat <strong>Fuli Lotte Ioannidis<\/strong> (+63kg) an. Fuli erreichte den dritten Platz.<\/p>\n\n\n\n<p>F\u00fcr alle K\u00e4mpferinnen und K\u00e4mpfer war dieses riesige Turnier ein ganz besonderes Erlebnis, dass sie so schnell nicht vergessen werden.<\/p>\n","protected":false},"excerpt":{"rendered":"<p>Rekordbeteiligung beim 9. Internationalen Bayer Judo Cup in Leverkusen Der 9. Internationale Bayer Judo Cup am Wochenende des 27. und 28. September 2025 hat in diesem Jahr so viele Sportlerinnen und Sportler angezogen wie nie zuvor. In der Leichtathletikhalle des TSV Bayer 04 Leverkusen gingen an zwei Tagen etwa 750 Judoka an den Start.<\/p>\n","protected":false},"author":1,"featured_media":0,"comment_status":"closed","ping_status":"closed","sticky":false,"template":"","format":"standard","meta":{"footnotes":""},"categories":[4],"tags":[],"class_list":["post-2149","post","type-post","status-publish","format-standard","hentry","category-wettkaempfe-und-turniere"],"_links":{"self":[{"href":"https:\/\/judo-club-hennef.de\/index.php?rest_route=\/wp\/v2\/posts\/2149","targetHints":{"allow":["GET"]}}],"collection":[{"href":"https:\/\/judo-club-hennef.de\/index.php?rest_route=\/wp\/v2\/posts"}],"about":[{"href":"https:\/\/judo-club-hennef.de\/index.php?rest_route=\/wp\/v2\/types\/post"}],"author":[{"embeddable":true,"href":"https:\/\/judo-club-hennef.de\/index.php?rest_route=\/wp\/v2\/users\/1"}],"replies":[{"embeddable":true,"href":"https:\/\/judo-club-hennef.de\/index.php?rest_route=%2Fwp%2Fv2%2Fcomments&post=2149"}],"version-history":[{"count":1,"href":"https:\/\/judo-club-hennef.de\/index.php?rest_route=\/wp\/v2\/posts\/2149\/revisions"}],"predecessor-version":[{"id":2151,"href":"https:\/\/judo-club-hennef.de\/index.php?rest_route=\/wp\/v2\/posts\/2149\/revisions\/2151"}],"wp:attachment":[{"href":"https:\/\/judo-club-hennef.de\/index.php?rest_route=%2Fwp%2Fv2%2Fmedia&parent=2149"}],"wp:term":[{"taxonomy":"category","embeddable":true,"href":"https:\/\/judo-club-hennef.de\/index.php?rest_route=%2Fwp%2Fv2%2Fcategories&post=2149"},{"taxonomy":"post_tag","embeddable":true,"href":"https:\/\/judo-club-hennef.de\/index.php?rest_route=%2Fwp%2Fv2%2Ftags&post=2149"}],"curies":[{"name":"wp","href":"https:\/\/api.w.org\/{rel}","templated":true}]}}