{"id":2301,"date":"2026-04-29T11:26:31","date_gmt":"2026-04-29T11:26:31","guid":{"rendered":"https:\/\/judo-club-hennef.de\/?p=2301"},"modified":"2026-04-29T11:27:09","modified_gmt":"2026-04-29T11:27:09","slug":"wechsel-im-praesidium-des-jc-hennef-eitorfer-jc","status":"publish","type":"post","link":"https:\/\/judo-club-hennef.de\/?p=2301","title":{"rendered":"Wechsel im Pr\u00e4sidium des JC Hennef\/Eitorfer JC"},"content":{"rendered":"\n<p><strong>Bernd Zielinski beendet nach 13 Jahren seine Vorstandsarbeit \u2013 Matthias Schorm \u00fcbernimmt<\/strong><\/p>\n\n\n\n<figure class=\"wp-block-image size-large\"><img loading=\"lazy\" decoding=\"async\" width=\"1024\" height=\"768\" src=\"https:\/\/judo-club-hennef.de\/wp-content\/uploads\/2026\/04\/image0-1-1024x768.jpeg\" alt=\"\" class=\"wp-image-2302\" srcset=\"https:\/\/judo-club-hennef.de\/wp-content\/uploads\/2026\/04\/image0-1-1024x768.jpeg 1024w, https:\/\/judo-club-hennef.de\/wp-content\/uploads\/2026\/04\/image0-1-300x225.jpeg 300w, https:\/\/judo-club-hennef.de\/wp-content\/uploads\/2026\/04\/image0-1-768x576.jpeg 768w, https:\/\/judo-club-hennef.de\/wp-content\/uploads\/2026\/04\/image0-1-1536x1152.jpeg 1536w, https:\/\/judo-club-hennef.de\/wp-content\/uploads\/2026\/04\/image0-1-2048x1536.jpeg 2048w, https:\/\/judo-club-hennef.de\/wp-content\/uploads\/2026\/04\/image0-1-1x1.jpeg 1w\" sizes=\"auto, (max-width: 1024px) 100vw, 1024px\" \/><figcaption class=\"wp-element-caption\"><em>v. l. n. r.: Eitorfer Pr\u00e4sidium: Patrick Schild, Matthias Schorm, Bernd Zielinski, Johannes Rempel, Pr\u00e4sidium Hennef: Bj\u00f6rn Golombek, Ignaz Schild<\/em><\/figcaption><\/figure>\n\n\n\n<p>Nach 13 Jahren engagierter und verl\u00e4sslicher Arbeit im Pr\u00e4sidium verabschiedet sich Bernd Zielinski aus dem Vorstand des JC Hennef\/ Eitorfer JC. Mit seinem R\u00fcckzug endet eine \u00c4ra, in der er den Verein mit Herz, Energie und einem besonderen Gesp\u00fcr f\u00fcr Menschen gepr\u00e4gt hat. Sein Einsatz hat den Verein \u00fcber viele Jahre getragen und in zahlreichen Bereichen gest\u00e4rkt. Als Nachfolger wurde Matthias Schorm in den Vorstand gew\u00e4hlt. Der Verein freut sich, mit ihm eine motivierte und tatkr\u00e4ftige Verst\u00e4rkung f\u00fcr das Pr\u00e4sidium gewonnen zu haben.<\/p>\n\n\n\n<!--more-->\n\n\n\n<p>Seit seinem Vereinsbeitritt 2013 und dem Einstieg ins Pr\u00e4sidium 2014 war Bernd weit mehr als ein Funktionstr\u00e4ger. Er \u00fcbernahm Verantwortung, brachte Ideen ein und f\u00fcllte das Vereinsleben mit W\u00e4rme, Tatkraft und echter Verbundenheit. Durch seine langj\u00e4hrige Mitarbeit verbinden die Mitglieder mit ihm nicht nur organisatorische Unterst\u00fctzung, sondern auch pers\u00f6nliche Begegnungen, Gespr\u00e4che und Motivation.<\/p>\n\n\n\n<p>In dieser Zeit war Bernd in vielf\u00e4ltigen Aufgabenfeldern aktiv. Er pr\u00e4gte seit 2020 die Pressearbeit mit gro\u00dfer Freude und einem besonderen Gesp\u00fcr f\u00fcr Worte. Dar\u00fcber hinaus wirkte er an zahlreichen Veranstaltungen mit \u2013 darunter der \u201eTag des Judo\u201c mit den Eitorfer Schulen, der \u201eGemeindesporttag\u201c oder die Aktion \u201eGeschenkte Zeit\u201c. Auch im Vereinsalltag war er stets pr\u00e4sent: bei Lehrg\u00e4ngen, Anf\u00e4ngerkursen, Sommerfesten und Vereinsmeisterschaften. Ob bei Veranstaltungen oder im t\u00e4glichen Vereinsgeschehen \u2013 Bernd war immer hilfsbereit, zuverl\u00e4ssig und mit Herz dabei. Bis vor kurzem war er zudem der \u00e4lteste aktive Judoka in Eitorf \u2013 ein Zeichen seiner langj\u00e4hrigen Verbundenheit mit dem Sport.<\/p>\n\n\n\n<p>Der Verein bedankt sich herzlich bei Bernd f\u00fcr seine gro\u00dfe Hingabe und seine tatkr\u00e4ftige Unterst\u00fctzung. Viele Abl\u00e4ufe, Veranstaltungen und Entwicklungen tragen seine Handschrift \u2013 und viele Menschen im Verein verbinden mit ihm besondere Momente, Begegnungen und Erinnerungen. Wir w\u00fcnschen ihm f\u00fcr die Zukunft alles Gute und freuen uns, ihn auf oder neben der Matte begr\u00fc\u00dfen zu d\u00fcrfen.<\/p>\n\n\n\n<p>Gleichzeitig w\u00fcnscht der Verein Matthias Schorm einen erfolgreichen Start in seiner neuen Funktion und freut sich auf die Zusammenarbeit im Pr\u00e4sidium.<\/p>\n","protected":false},"excerpt":{"rendered":"<p>Bernd Zielinski beendet nach 13 Jahren seine Vorstandsarbeit \u2013 Matthias Schorm \u00fcbernimmt Nach 13 Jahren engagierter und verl\u00e4sslicher Arbeit im Pr\u00e4sidium verabschiedet sich Bernd Zielinski aus dem Vorstand des JC Hennef\/ Eitorfer JC. Mit seinem R\u00fcckzug endet eine \u00c4ra, in der er den Verein mit Herz, Energie und einem besonderen Gesp\u00fcr f\u00fcr Menschen gepr\u00e4gt hat. [&hellip;]<\/p>\n","protected":false},"author":1,"featured_media":0,"comment_status":"closed","ping_status":"closed","sticky":false,"template":"","format":"standard","meta":{"footnotes":""},"categories":[1],"tags":[],"class_list":["post-2301","post","type-post","status-publish","format-standard","hentry","category-uncategorized"],"_links":{"self":[{"href":"https:\/\/judo-club-hennef.de\/index.php?rest_route=\/wp\/v2\/posts\/2301","targetHints":{"allow":["GET"]}}],"collection":[{"href":"https:\/\/judo-club-hennef.de\/index.php?rest_route=\/wp\/v2\/posts"}],"about":[{"href":"https:\/\/judo-club-hennef.de\/index.php?rest_route=\/wp\/v2\/types\/post"}],"author":[{"embeddable":true,"href":"https:\/\/judo-club-hennef.de\/index.php?rest_route=\/wp\/v2\/users\/1"}],"replies":[{"embeddable":true,"href":"https:\/\/judo-club-hennef.de\/index.php?rest_route=%2Fwp%2Fv2%2Fcomments&post=2301"}],"version-history":[{"count":3,"href":"https:\/\/judo-club-hennef.de\/index.php?rest_route=\/wp\/v2\/posts\/2301\/revisions"}],"predecessor-version":[{"id":2305,"href":"https:\/\/judo-club-hennef.de\/index.php?rest_route=\/wp\/v2\/posts\/2301\/revisions\/2305"}],"wp:attachment":[{"href":"https:\/\/judo-club-hennef.de\/index.php?rest_route=%2Fwp%2Fv2%2Fmedia&parent=2301"}],"wp:term":[{"taxonomy":"category","embeddable":true,"href":"https:\/\/judo-club-hennef.de\/index.php?rest_route=%2Fwp%2Fv2%2Fcategories&post=2301"},{"taxonomy":"post_tag","embeddable":true,"href":"https:\/\/judo-club-hennef.de\/index.php?rest_route=%2Fwp%2Fv2%2Ftags&post=2301"}],"curies":[{"name":"wp","href":"https:\/\/api.w.org\/{rel}","templated":true}]}}