{"id":462,"date":"2020-08-12T09:47:00","date_gmt":"2020-08-12T09:47:00","guid":{"rendered":"http:\/\/judo-club-hennef.de\/?p=462"},"modified":"2020-08-12T09:49:38","modified_gmt":"2020-08-12T09:49:38","slug":"mitgliederversammlung-des-eitorfer-judo-clubs","status":"publish","type":"post","link":"https:\/\/judo-club-hennef.de\/?p=462","title":{"rendered":"Mitgliederversammlung des Eitorfer Judo Clubs"},"content":{"rendered":"\n<p>Turnusgem\u00e4\u00df hat der Eitorfer Judo Club am Dienstag, den 11.08.2020, die diesj\u00e4hrige Mitgliederversammlung durchgef\u00fchrt. Wie wohl bei den meisten Vereinen nahm das Thema \u201eCorona\u201c und die Auswirkungen auf das Vereinsleben einen breiten Rahmen ein.<\/p>\n\n\n\n<p>Weitere Tagesordnungspunkte waren die Neuwahl des Pr\u00e4sidiums, das sich nach einstimmiger Wahl wieder aus Gabi Neihs, Patrick Schild und Bernd Zielinski zusammensetzt, und die Verabschiedung einer Ehrenordnung, nach der in Zukunft Ehrungen, Ehrenmitgliedschaften und Anerkennungen vorgenommen werden k\u00f6nnen.<\/p>\n\n\n\n<p>Im Anschluss an den offiziellen Teil planten die Trainer und Teile des Pr\u00e4sidiums unter der Leitung von Cheftrainerin Astrid Krombach den weiteren Trainingsablauf.<\/p>\n\n\n\n<!--more-->\n\n\n\n<p>Das Training wird gem\u00e4\u00df dem Hygienekonzept des Eitorfer Judo Clubs stattfinden. Dieses orientiert sich zum einen an Vorgaben des jeweiligen Halleneigent\u00fcmers und zum anderen an den Hygienema\u00dfnahmen, die der Dachverband, der Deutsche Judobund, empfiehlt. Den Rahmen bilden die Leitplanken des Deutschen Olympischen Sportbundes und des Landessportbundes NRW. Als wichtigsten Punkt beinhaltet das Konzept einen von jedem Mitglied auszuf\u00fcllenden Fragebogen, der zum ersten Training mitgebracht werden muss oder dort auszuf\u00fcllen ist, und der von der Internetseite des Judo Clubs heruntergeladen werden kann. Dort stehen auch alle weiteren Ma\u00dfnahmen f\u00fcr die Teilnahme am Hallentraining.<\/p>\n\n\n\n<p>Die Trainingszeiten und -modalit\u00e4ten werden zun\u00e4chst wie folgt festgelegt und je nach Entwicklung der \u201eCoronalage\u201c flexibel angepasst und beginnen in dieser Form am 18.08.2020:<\/p>\n\n\n\n<figure class=\"wp-block-table\"><table><tbody><tr><td>&nbsp;<\/td><td><strong>Kinder<\/strong><\/td><td><strong>Jugendliche\/Erwachsene<\/strong><\/td><\/tr><tr><td>Dienstag<\/td><td>18 \u2013 19 Uhr<br>Hallentraining Halle M\u00fchleip<\/td><td>19:30 \u2013 20:30 Uhr<br>Hallentraining Halle M\u00fchleip<\/td><\/tr><tr><td>Donnerstag<\/td><td>ab 18 Uhr<br>Outdoortraining vor dem Gymnasium<\/td><td>ab 19:00<br>Outdoortraining vor dem Gymnasium<\/td><\/tr><\/tbody><\/table><\/figure>\n","protected":false},"excerpt":{"rendered":"<p>Turnusgem\u00e4\u00df hat der Eitorfer Judo Club am Dienstag, den 11.08.2020, die diesj\u00e4hrige Mitgliederversammlung durchgef\u00fchrt. Wie wohl bei den meisten Vereinen nahm das Thema \u201eCorona\u201c und die Auswirkungen auf das Vereinsleben einen breiten Rahmen ein. Weitere Tagesordnungspunkte waren die Neuwahl des Pr\u00e4sidiums, das sich nach einstimmiger Wahl wieder aus Gabi Neihs, Patrick Schild und Bernd Zielinski [&hellip;]<\/p>\n","protected":false},"author":1,"featured_media":0,"comment_status":"closed","ping_status":"closed","sticky":false,"template":"","format":"standard","meta":{"footnotes":""},"categories":[13],"tags":[],"class_list":["post-462","post","type-post","status-publish","format-standard","hentry","category-trainingsbetrieb"],"_links":{"self":[{"href":"https:\/\/judo-club-hennef.de\/index.php?rest_route=\/wp\/v2\/posts\/462","targetHints":{"allow":["GET"]}}],"collection":[{"href":"https:\/\/judo-club-hennef.de\/index.php?rest_route=\/wp\/v2\/posts"}],"about":[{"href":"https:\/\/judo-club-hennef.de\/index.php?rest_route=\/wp\/v2\/types\/post"}],"author":[{"embeddable":true,"href":"https:\/\/judo-club-hennef.de\/index.php?rest_route=\/wp\/v2\/users\/1"}],"replies":[{"embeddable":true,"href":"https:\/\/judo-club-hennef.de\/index.php?rest_route=%2Fwp%2Fv2%2Fcomments&post=462"}],"version-history":[{"count":3,"href":"https:\/\/judo-club-hennef.de\/index.php?rest_route=\/wp\/v2\/posts\/462\/revisions"}],"predecessor-version":[{"id":465,"href":"https:\/\/judo-club-hennef.de\/index.php?rest_route=\/wp\/v2\/posts\/462\/revisions\/465"}],"wp:attachment":[{"href":"https:\/\/judo-club-hennef.de\/index.php?rest_route=%2Fwp%2Fv2%2Fmedia&parent=462"}],"wp:term":[{"taxonomy":"category","embeddable":true,"href":"https:\/\/judo-club-hennef.de\/index.php?rest_route=%2Fwp%2Fv2%2Fcategories&post=462"},{"taxonomy":"post_tag","embeddable":true,"href":"https:\/\/judo-club-hennef.de\/index.php?rest_route=%2Fwp%2Fv2%2Ftags&post=462"}],"curies":[{"name":"wp","href":"https:\/\/api.w.org\/{rel}","templated":true}]}}